{"id":810,"date":"2022-02-07T15:22:55","date_gmt":"2022-02-07T15:22:55","guid":{"rendered":"https:\/\/ackerpella.de\/?p=810"},"modified":"2024-02-07T14:39:05","modified_gmt":"2024-02-07T14:39:05","slug":"saisonstart-2022","status":"publish","type":"post","link":"https:\/\/ackerpella.de\/?p=810","title":{"rendered":"Saisonstart 2024"},"content":{"rendered":"\n<p>Auch in diesem Winter war wieder einiges los in unserer Gemeinschaftsg\u00e4rtnerei. Klar, dass wir auch diesen Winter voller Vorfreude geplant, sortiert und vorbereitet haben. <\/p>\n\n\n\n<p>Jetzt freuen wir uns aber auf den Vorfr\u00fchling, wenn es wieder hei\u00dft: s\u00e4en, pikieren, etikettieren und pflanzen was das Zeug h\u00e4lt! Im Sortiment wieder spannende neue und altbekannte Sorten. Unser Stauden und Kr\u00e4utersegment haben wir deutlich erweitert. Die Termine f\u00fcr unsere Jungpflanzenverkaufstage 2024 werden wir in K\u00fcrze hier und auf unseren Social Media Seiten bekannt geben. <\/p>\n","protected":false},"excerpt":{"rendered":"<p>Auch in diesem Winter war wieder einiges los in unserer Gemeinschaftsg\u00e4rtnerei. Klar, dass wir auch diesen Winter voller Vorfreude geplant, sortiert und vorbereitet haben. Jetzt freuen wir uns aber auf den Vorfr\u00fchling, wenn es wieder hei\u00dft: s\u00e4en, pikieren, etikettieren und pflanzen was das Zeug h\u00e4lt! Im Sortiment wieder spannende neue und altbekannte Sorten. Unser Stauden &hellip; <a href=\"https:\/\/ackerpella.de\/?p=810\" class=\"more-link\"><span class=\"screen-reader-text\">Saisonstart 2024<\/span> weiterlesen <span class=\"meta-nav\">&rarr;<\/span><\/a><\/p>\n","protected":false},"author":2,"featured_media":811,"comment_status":"open","ping_status":"open","sticky":false,"template":"","format":"aside","meta":{"footnotes":""},"categories":[1],"tags":[],"class_list":["post-810","post","type-post","status-publish","format-aside","has-post-thumbnail","hentry","category-uncategorized","post_format-post-format-aside"],"_links":{"self":[{"href":"https:\/\/ackerpella.de\/index.php?rest_route=\/wp\/v2\/posts\/810","targetHints":{"allow":["GET"]}}],"collection":[{"href":"https:\/\/ackerpella.de\/index.php?rest_route=\/wp\/v2\/posts"}],"about":[{"href":"https:\/\/ackerpella.de\/index.php?rest_route=\/wp\/v2\/types\/post"}],"author":[{"embeddable":true,"href":"https:\/\/ackerpella.de\/index.php?rest_route=\/wp\/v2\/users\/2"}],"replies":[{"embeddable":true,"href":"https:\/\/ackerpella.de\/index.php?rest_route=%2Fwp%2Fv2%2Fcomments&post=810"}],"version-history":[{"count":5,"href":"https:\/\/ackerpella.de\/index.php?rest_route=\/wp\/v2\/posts\/810\/revisions"}],"predecessor-version":[{"id":920,"href":"https:\/\/ackerpella.de\/index.php?rest_route=\/wp\/v2\/posts\/810\/revisions\/920"}],"wp:featuredmedia":[{"embeddable":true,"href":"https:\/\/ackerpella.de\/index.php?rest_route=\/wp\/v2\/media\/811"}],"wp:attachment":[{"href":"https:\/\/ackerpella.de\/index.php?rest_route=%2Fwp%2Fv2%2Fmedia&parent=810"}],"wp:term":[{"taxonomy":"category","embeddable":true,"href":"https:\/\/ackerpella.de\/index.php?rest_route=%2Fwp%2Fv2%2Fcategories&post=810"},{"taxonomy":"post_tag","embeddable":true,"href":"https:\/\/ackerpella.de\/index.php?rest_route=%2Fwp%2Fv2%2Ftags&post=810"}],"curies":[{"name":"wp","href":"https:\/\/api.w.org\/{rel}","templated":true}]}}